{"id":1172,"date":"2026-03-31T11:20:02","date_gmt":"2026-03-31T11:20:02","guid":{"rendered":"https:\/\/jouwlogopedist-veluwe.nl\/?p=1172"},"modified":"2026-03-31T12:01:34","modified_gmt":"2026-03-31T12:01:34","slug":"werken-bij-samenspraak-in-de-praktijk","status":"publish","type":"post","link":"https:\/\/jouwlogopedist-veluwe.nl\/index.php\/2026\/03\/31\/werken-bij-samenspraak-in-de-praktijk\/","title":{"rendered":"Meer vrijheid, minder werkdruk en altijd een team achter je: werken bij Samenspraak in de praktijk"},"content":{"rendered":"<div class=\"wpb-content-wrapper\"><p>[vc_row type=&#8221;vc_default&#8221; gap=&#8221;35&#8243; bg_type=&#8221;bg_color&#8221; bg_override=&#8221;full&#8221; bg_color_value=&#8221;#FFFFFF&#8221; css=&#8221;.vc_custom_1747296096500{margin-top: -30px !important;margin-bottom: 15px !important;}&#8221;][vc_column css_animation=&#8221;fadeInLeft&#8221; width=&#8221;1\/2&#8243;][vc_separator css=&#8221;&#8221;][vc_column_text css=&#8221;&#8221;]<\/p>\n<h2>Meer vrijheid, minder werkdruk en altijd een team achter je: werken bij Samenspraak in de praktijk.<\/h2>\n<p>[\/vc_column_text][\/vc_column][vc_column width=&#8221;1\/2&#8243;][vc_column_text css=&#8221;.vc_custom_1774955610640{margin-bottom: 0px !important;}&#8221;]<\/p>\n<div class=\"vc_row wpb_row vc_row-fluid dt-default\">\n<div class=\"wpb_column vc_column_container vc_col-sm-12\">\n<div class=\"vc_column-inner\">\n<div class=\"wpb_wrapper\">\n<div class=\"wpb_text_column wpb_content_element vc_custom_1648038759830\">\n<div class=\"wpb_wrapper\">\n<p data-start=\"583\" data-end=\"746\">Twijfel je wel eens of jouw manier van werken nog bij je past? Of vraag je je af of het ook anders kan? Met meer rust, meer sparring en meer ruimte om te groeien?<\/p>\n<p data-start=\"748\" data-end=\"888\">We vroegen het aan een van onze logopedisten: Henrieke. Zij werkt in de praktijk in Harderwijk. Hoe ervaart zij het werken bij Samenspraak? En wat maakt het verschil in haar dagelijkse werk?<\/p>\n<\/div>\n<\/div>\n<\/div>\n<\/div>\n<\/div>\n<\/div>\n<p>[\/vc_column_text][\/vc_column][\/vc_row][vc_row type=&#8221;vc_default&#8221; gap=&#8221;20&#8243; bg_type=&#8221;bg_color&#8221; bg_override=&#8221;full&#8221; bg_color_value=&#8221;#FFFFFF&#8221;][vc_column css_animation=&#8221;none&#8221; css=&#8221;.vc_custom_1747297865513{background-position: center !important;background-repeat: no-repeat !important;background-size: cover !important;border-radius: 25px !important;}&#8221;][vc_column_text css=&#8221;.vc_custom_1774955538108{margin-bottom: 10px !important;}&#8221;]<\/p>\n<h2>Groeien als logopedist: kansen die je meteen kunt pakken<\/h2>\n<p>[\/vc_column_text][vc_separator color=&#8221;custom&#8221; align=&#8221;align_left&#8221; style=&#8221;dotted&#8221; border_width=&#8221;3&#8243; el_width=&#8221;60&#8243; css=&#8221;.vc_custom_1747292849277{margin-bottom: 25px !important;}&#8221; accent_color=&#8221;#D9CEC5&#8243;][vc_column_text css=&#8221;&#8221;]<\/p>\n<div class=\"vc_row wpb_row vc_row-fluid dt-default\">\n<div class=\"wpb_column vc_column_container vc_col-sm-12\">\n<div class=\"vc_column-inner\">\n<div class=\"wpb_wrapper\">\n<div class=\"wpb_text_column wpb_content_element vc_custom_1648038759830\">\n<div class=\"wpb_wrapper\">\n<div class=\"vc_row wpb_row vc_row-fluid dt-default\">\n<div class=\"wpb_column vc_column_container vc_col-sm-12\">\n<div class=\"vc_column-inner\">\n<div class=\"wpb_wrapper\">\n<div class=\"wpb_text_column wpb_content_element vc_custom_1648038844124\">\n<div class=\"wpb_wrapper\">\n<p><strong>Wat heb jij bij Samenspraak geleerd dat je hiervoor nog niet deed of durfde in je werk?<\/strong><\/p>\n<p>In 2023 werd de praktijk waarin ik werkte overgenomen door Logopedisch Centrum Samenspraak. Al na het eerste gesprek met Wendy &amp; Marjolijn mocht ik een cursus inplannen waardoor ik het stotterregister in kon om uursbehandelingen te gaan geven aan stottercli\u00ebnten. Ook kwam er de mogelijkheid om met praktijkzaken aan de slag te gaan en kreeg ik er een hele groep collega\u2019s bij om inhoudelijk mee te kunnen sparren. Ik durf wel te zeggen dat ik binnen Samenspraak zoveel meer ruimte en vrijheid krijg om mijn eigen werkdagen in te plannen.<\/p>\n<\/div>\n<\/div>\n<\/div>\n<\/div>\n<\/div>\n<\/div>\n<\/div>\n<\/div>\n<\/div>\n<\/div>\n<\/div>\n<\/div>\n<p>[\/vc_column_text][\/vc_column][\/vc_row][vc_row type=&#8221;vc_default&#8221; gap=&#8221;20&#8243; bg_type=&#8221;bg_color&#8221; bg_override=&#8221;full&#8221; bg_color_value=&#8221;#FFFFFF&#8221;][vc_column css_animation=&#8221;none&#8221; css=&#8221;.vc_custom_1747297869983{background-position: center !important;background-repeat: no-repeat !important;background-size: cover !important;border-radius: 25px !important;}&#8221;][vc_column_text css=&#8221;.vc_custom_1774955711068{margin-bottom: 10px !important;}&#8221;]<\/p>\n<h2>Je staat er nooit alleen voor (ook als je zelfstandig werkt)<\/h2>\n<p>[\/vc_column_text][vc_separator color=&#8221;custom&#8221; align=&#8221;align_left&#8221; style=&#8221;dotted&#8221; border_width=&#8221;3&#8243; el_width=&#8221;60&#8243; css=&#8221;.vc_custom_1747292849277{margin-bottom: 25px !important;}&#8221; accent_color=&#8221;#D9CEC5&#8243;][vc_column_text css=&#8221;&#8221;]<\/p>\n<div class=\"vc_row wpb_row vc_row-fluid dt-default\">\n<div class=\"wpb_column vc_column_container vc_col-sm-12\">\n<div class=\"vc_column-inner\">\n<div class=\"wpb_wrapper\">\n<div class=\"wpb_text_column wpb_content_element vc_custom_1648038759830\">\n<div class=\"wpb_wrapper\">\n<div class=\"vc_row wpb_row vc_row-fluid dt-default\">\n<div class=\"wpb_column vc_column_container vc_col-sm-12\">\n<div class=\"vc_column-inner\">\n<div class=\"wpb_wrapper\">\n<div class=\"wpb_text_column wpb_content_element vc_custom_1648038844124\">\n<div class=\"wpb_wrapper\">\n<div class=\"vc_row wpb_row vc_row-fluid dt-default\">\n<div class=\"wpb_column vc_column_container vc_col-sm-12\">\n<div class=\"vc_column-inner\">\n<div class=\"wpb_wrapper\">\n<div class=\"wpb_text_column wpb_content_element vc_custom_1648038890251\">\n<div class=\"wpb_wrapper\">\n<p><strong>Op welke momenten merk jij het meest dat je er niet alleen voor staat in je werk?<\/strong><\/p>\n<p>Ik werk zelf 2,5 dag per week waarvan ik 1,5 dag met een collega samenwerk op locatie. Ik vind dat wel de leukste dagen omdat je naast de gezelligheid ook elkaars expertise hebt. Even een vraag aan de ander stellen, even samen sparren of een casus voorleggen is gewoon fijn en als je iemand ziet is die drempel heel laag. Binnen ons team zijn nog een aantal logopedisten die in het stotterregister zitten en wij zien elkaar ook een aantal keren per jaar (online) om vakinhoudelijk te sparren over stotteren. Momenteel werken we samen de richtlijn stotteren door om ons eigen handelen te onderzoeken en we bespreken samen casu\u00efstiek. Heerlijk om zo gerichte vragen ook aan collega\u2019s te kunnen stellen. Naast de collega\u2019s op de werkvloer waarmee we vakinhoudelijk werken, werken we ook met een praktijkondersteuner. Zij ondersteunt ons op allerlei fronten (zij plant bijvoorbeeld behandelingen in en regelt zaken achter schermen). Zo werk je soms alleen maar zijn we toch wel echt samen een team.<\/p>\n<\/div>\n<\/div>\n<\/div>\n<\/div>\n<\/div>\n<\/div>\n<\/div>\n<\/div>\n<\/div>\n<\/div>\n<\/div>\n<\/div>\n<\/div>\n<\/div>\n<\/div>\n<\/div>\n<\/div>\n<\/div>\n<p>[\/vc_column_text][\/vc_column][\/vc_row][vc_row type=&#8221;vc_default&#8221; gap=&#8221;20&#8243; bg_type=&#8221;bg_color&#8221; bg_override=&#8221;full&#8221; bg_color_value=&#8221;#FFFFFF&#8221;][vc_column css_animation=&#8221;none&#8221; width=&#8221;1\/2&#8243; css=&#8221;.vc_custom_1747297848142{background-position: center !important;background-repeat: no-repeat !important;background-size: cover !important;border-radius: 25px !important;}&#8221;][vc_column_text css=&#8221;.vc_custom_1774955756288{margin-bottom: 10px !important;}&#8221;]<\/p>\n<h2>Meer rust in je werkweek (zonder dat je minder doet)<\/h2>\n<p>[\/vc_column_text][vc_separator color=&#8221;custom&#8221; align=&#8221;align_left&#8221; style=&#8221;dotted&#8221; border_width=&#8221;3&#8243; el_width=&#8221;60&#8243; css=&#8221;.vc_custom_1747292849277{margin-bottom: 25px !important;}&#8221; accent_color=&#8221;#D9CEC5&#8243;][vc_column_text css=&#8221;&#8221;]<\/p>\n<div class=\"vc_row wpb_row vc_row-fluid dt-default\">\n<div class=\"wpb_column vc_column_container vc_col-sm-12\">\n<div class=\"vc_column-inner\">\n<div class=\"wpb_wrapper\">\n<div class=\"wpb_text_column wpb_content_element vc_custom_1648038759830\">\n<div class=\"wpb_wrapper\">\n<div class=\"vc_row wpb_row vc_row-fluid dt-default\">\n<div class=\"wpb_column vc_column_container vc_col-sm-12\">\n<div class=\"vc_column-inner\">\n<div class=\"wpb_wrapper\">\n<div class=\"wpb_text_column wpb_content_element vc_custom_1648038844124\">\n<div class=\"wpb_wrapper\">\n<div class=\"vc_row wpb_row vc_row-fluid dt-default\">\n<div class=\"wpb_column vc_column_container vc_col-sm-12\">\n<div class=\"vc_column-inner\">\n<div class=\"wpb_wrapper\">\n<div class=\"wpb_text_column wpb_content_element vc_custom_1648038890251\">\n<div class=\"wpb_wrapper\">\n<div class=\"vc_row wpb_row vc_row-fluid dt-default\">\n<div class=\"wpb_column vc_column_container vc_col-sm-12\">\n<div class=\"vc_column-inner\">\n<div class=\"wpb_wrapper\">\n<div class=\"wpb_text_column wpb_content_element vc_custom_1648038924604\">\n<div class=\"wpb_wrapper\">\n<p><strong>Hoe helpt Samenspraak jou om te blijven groeien zonder dat het extra werkdruk geeft?<\/strong><\/p>\n<p>Sinds ik bij Samenspraak werk ervaar ik veel meer ruimte en vrijheid in mijn agenda. Ik vind het zelf heel fijn om gewoon werktijden afgesproken te hebben waarbinnen ik een aantal behandelingen per dag inplan en tijd heb voor administratie en\/of andere werkzaamheden. Als er nu een cli\u00ebnt afmeldt of ziek is, heb ik geen stress (meer). Ik plan een andere afspraak in of ga voor de praktijk aan de slag. Al mijn werkzaamheden voor de praktijk vallen binnen mijn werkdagen waardoor ik thuis altijd echt vrij ben. Dat geeft een fijne balans tussen werk en priv\u00e9.<\/p>\n<\/div>\n<\/div>\n<\/div>\n<\/div>\n<\/div>\n<\/div>\n<\/div>\n<\/div>\n<\/div>\n<\/div>\n<\/div>\n<\/div>\n<\/div>\n<\/div>\n<\/div>\n<\/div>\n<\/div>\n<\/div>\n<\/div>\n<\/div>\n<\/div>\n<\/div>\n<\/div>\n<\/div>\n<p>[\/vc_column_text][\/vc_column][vc_column width=&#8221;1\/2&#8243;][vc_column_text css=&#8221;.vc_custom_1774955793223{margin-bottom: 10px !important;}&#8221;]<\/p>\n<h2>Waarom werken bij Samenspraak zo prettig is volgens onze collega<\/h2>\n<p>[\/vc_column_text][vc_separator color=&#8221;custom&#8221; align=&#8221;align_left&#8221; style=&#8221;dotted&#8221; border_width=&#8221;3&#8243; el_width=&#8221;60&#8243; css=&#8221;.vc_custom_1747292849277{margin-bottom: 25px !important;}&#8221; accent_color=&#8221;#D9CEC5&#8243;][vc_column_text css=&#8221;&#8221;]<strong>Stel: een nieuwe collega vraagt jou wat werken bij Samenspraak zo prettig maakt. Wat zou jij dan noemen?<\/strong><\/p>\n<p>Wat ik zo leuk aan Samenspraak vind is de ruimte die je krijgt om je eigen werkdagen in te vullen. Je geeft zelf aan waar binnen je agenda wel\/geen cli\u00ebnten ingepland kunnen worden en kan zo je eigen perfecte werkdag cre\u00ebren. Ik vind het zelf bijvoorbeeld heel prettig om met blokjes van 3-4 cli\u00ebnten te werken en daarna even een blokje administratie. Daarnaast geniet ik intens van het team; zowel regio Veluwe als regio Nederland. Nee, je ziet elkaar echt niet allemaal elke week maar je hebt elkaar wel heel dichtbij. Als er iets is kan ik altijd wel iemand vinden om even mee te sparren. We hebben een leuk team waarbij niet alleen de werksfeer voorop staat maar zeker ook de onderlinge band en werkplezier.[\/vc_column_text][\/vc_column][\/vc_row][vc_row type=&#8221;vc_default&#8221; gap=&#8221;20&#8243; bg_type=&#8221;bg_color&#8221; bg_override=&#8221;full&#8221; bg_color_value=&#8221;#FFFFFF&#8221;][vc_column css_animation=&#8221;none&#8221; css=&#8221;.vc_custom_1747297848142{background-position: center !important;background-repeat: no-repeat !important;background-size: cover !important;border-radius: 25px !important;}&#8221;][vc_column_text css=&#8221;.vc_custom_1774955826993{margin-bottom: 10px !important;}&#8221;]<\/p>\n<h2>Werken op jouw manier, maar nooit alleen<\/h2>\n<p>[\/vc_column_text][vc_separator color=&#8221;custom&#8221; align=&#8221;align_left&#8221; style=&#8221;dotted&#8221; border_width=&#8221;3&#8243; el_width=&#8221;60&#8243; css=&#8221;.vc_custom_1747292849277{margin-bottom: 25px !important;}&#8221; accent_color=&#8221;#D9CEC5&#8243;][vc_column_text css=&#8221;&#8221;]<\/p>\n<div class=\"vc_row wpb_row vc_row-fluid dt-default\">\n<div class=\"wpb_column vc_column_container vc_col-sm-12\">\n<div class=\"vc_column-inner\">\n<div class=\"wpb_wrapper\">\n<div class=\"wpb_text_column wpb_content_element vc_custom_1648038759830\">\n<div class=\"wpb_wrapper\">\n<div class=\"vc_row wpb_row vc_row-fluid dt-default\">\n<div class=\"wpb_column vc_column_container vc_col-sm-12\">\n<div class=\"vc_column-inner\">\n<div class=\"wpb_wrapper\">\n<div class=\"wpb_text_column wpb_content_element vc_custom_1648038844124\">\n<div class=\"wpb_wrapper\">\n<div class=\"vc_row wpb_row vc_row-fluid dt-default\">\n<div class=\"wpb_column vc_column_container vc_col-sm-12\">\n<div class=\"vc_column-inner\">\n<div class=\"wpb_wrapper\">\n<div class=\"wpb_text_column wpb_content_element vc_custom_1648038890251\">\n<div class=\"wpb_wrapper\">\n<div class=\"vc_row wpb_row vc_row-fluid dt-default\">\n<div class=\"wpb_column vc_column_container vc_col-sm-12\">\n<div class=\"vc_column-inner\">\n<div class=\"wpb_wrapper\">\n<div class=\"wpb_text_column wpb_content_element vc_custom_1648038924604\">\n<div class=\"wpb_wrapper\">\n<p data-start=\"1955\" data-end=\"2145\">Bij Samenspraak werk je zelfstandig, maar sta je er nooit alleen voor. Je hebt de ruimte om je werkdag in te delen zoals het bij jou past, terwijl er altijd collega\u2019s zijn om mee te sparren. Dat maakt het verschil.<\/p>\n<\/div>\n<\/div>\n<\/div>\n<\/div>\n<\/div>\n<\/div>\n<\/div>\n<\/div>\n<\/div>\n<\/div>\n<\/div>\n<\/div>\n<\/div>\n<\/div>\n<\/div>\n<\/div>\n<\/div>\n<\/div>\n<\/div>\n<\/div>\n<\/div>\n<\/div>\n<\/div>\n<\/div>\n<p>[\/vc_column_text][\/vc_column][\/vc_row][vc_row][vc_column]<div class=\"ult-spacer spacer-69f204b2ae5e3\" data-id=\"69f204b2ae5e3\" data-height=\"45\" data-height-mobile=\"45\" data-height-tab=\"45\" data-height-tab-portrait=\"\" data-height-mobile-landscape=\"\" style=\"clear:both;display:block;\"><\/div>[\/vc_column][\/vc_row][vc_row type=&#8221;vc_default&#8221; css=&#8221;.vc_custom_1748345065296{margin-bottom: -120px !important;}&#8221;][vc_column css_animation=&#8221;none&#8221;][vc_row_inner equal_height=&#8221;yes&#8221; css=&#8221;.vc_custom_1748344626100{background-color: #F3EFED !important;border-radius: 35px !important;}&#8221;][vc_column_inner width=&#8221;2\/3&#8243; css=&#8221;.vc_custom_1748345201829{padding-right: 25px !important;padding-left: 45px !important;}&#8221;][vc_column_text css=&#8221;.vc_custom_1749047179717{margin-bottom: 10px !important;}&#8221;]<\/p>\n<h3><span style=\"color: #003057;\"><strong>Wil je ook aan de slag als (online) logopedist?<\/strong><\/span><\/h3>\n<p>[\/vc_column_text][vc_separator color=&#8221;custom&#8221; align=&#8221;align_left&#8221; style=&#8221;dotted&#8221; border_width=&#8221;3&#8243; el_width=&#8221;80&#8243; css=&#8221;.vc_custom_1747035438588{margin-bottom: 15px !important;}&#8221; accent_color=&#8221;#D9CEC5&#8243;][vc_column_text css=&#8221;.vc_custom_1749047160461{margin-bottom: 15px !important;}&#8221;]<\/p>\n<h5><span style=\"color: #003057;\">Bekijk de vacature of neem contact met ons op via <a style=\"color: #003057;\" href=\"mailto:info@jouwlogopedist.nl\">info@jouwlogopedist.nl<\/a><\/span><\/h5>\n<p>[\/vc_column_text]<div class=\"ult-spacer spacer-69f204b2ae606\" data-id=\"69f204b2ae606\" data-height=\"20\" data-height-mobile=\"20\" data-height-tab=\"20\" data-height-tab-portrait=\"\" data-height-mobile-landscape=\"\" style=\"clear:both;display:block;\"><\/div>[\/vc_column_inner][vc_column_inner width=&#8221;1\/3&#8243; css=&#8221;.vc_custom_1748344655407{margin-left: -60px !important;border-radius: 35px !important;}&#8221;]<div class=\"ult-spacer spacer-69f204b2ae611\" data-id=\"69f204b2ae611\" data-height=\"30\" data-height-mobile=\"30\" data-height-tab=\"30\" data-height-tab-portrait=\"\" data-height-mobile-landscape=\"\" style=\"clear:both;display:block;\"><\/div><div class=\" ubtn-ctn-center \"><a class=\"ubtn-link ult-adjust-bottom-margin ubtn-center ubtn-custom \" href=\"https:\/\/jouwlogopedist-veluwe.nl\/index.php\/vacatures\/\" title=\"Vacatures\" ><button type=\"button\" id=\"ubtn-9374\"  class=\"ubtn ult-adjust-bottom-margin ult-responsive ubtn-custom ubtn-no-hover-bg  none  ubtn-center   tooltip-69f204b2ae62c\"  data-hover=\"#EA5479\" data-border-color=\"#EA5479\" data-bg=\"#EA5479\" data-hover-bg=\"#F3EFED\" data-border-hover=\"#EA5479\" data-shadow-hover=\"\" data-shadow-click=\"none\" data-shadow=\"\" data-shd-shadow=\"\"  data-ultimate-target='#ubtn-9374'  data-responsive-json-new='{\"font-size\":\"desktop:13px;\",\"line-height\":\"\"}'  style=\"font-family:&#039;Nunito&#039;;font-weight:700;width:240px;min-height:45px;padding:px px;border-radius:60px;border-width:2px;border-color:#EA5479;border-style:solid;background: #EA5479;color: #FFFFFF;\"><span class=\"ubtn-hover\" style=\"background-color:#F3EFED\"><\/span><span class=\"ubtn-data ubtn-text \" >BEKIJK DE VACATURE<\/span><\/button><\/a><\/div>[\/vc_column_inner][\/vc_row_inner][\/vc_column][\/vc_row]<\/p>\n<\/div>","protected":false},"excerpt":{"rendered":"<p>[vc_row type=&#8221;vc_default&#8221; gap=&#8221;35&#8243; bg_type=&#8221;bg_color&#8221; bg_override=&#8221;full&#8221; bg_color_value=&#8221;#FFFFFF&#8221; css=&#8221;.vc_custom_1747296096500{margin-top: -30px !important;margin-bottom: 15px !important;}&#8221;][vc_column css_animation=&#8221;fadeInLeft&#8221; width=&#8221;1\/2&#8243;][vc_separator css=&#8221;&#8221;][vc_column_text css=&#8221;&#8221;] Meer vrijheid, minder werkdruk en altijd een team achter je: werken bij Samenspraak in de praktijk. [\/vc_column_text][\/vc_column][vc_column width=&#8221;1\/2&#8243;][vc_column_text css=&#8221;.vc_custom_1774955610640{margin-bottom: 0px !important;}&#8221;] Twijfel je wel eens of jouw manier van werken nog bij je past? Of vraag je je af of&hellip;<\/p>\n","protected":false},"author":2,"featured_media":700,"comment_status":"closed","ping_status":"closed","sticky":false,"template":"","format":"standard","meta":{"footnotes":""},"categories":[1],"tags":[],"class_list":["post-1172","post","type-post","status-publish","format-standard","has-post-thumbnail","hentry","category-uncategorized","category-1","description-off"],"yoast_head":"<!-- This site is optimized with the Yoast SEO plugin v26.5 - https:\/\/yoast.com\/wordpress\/plugins\/seo\/ -->\n<title>Werken bij logopediepraktijk: Groei en Ontwikkeling | Jouw logopedist<\/title>\n<meta name=\"description\" content=\"Twijfel je over je werk als logopedist? Lees hoe werken bij Samenspraak zorgt voor meer rust, groei en werkplezier in je werkweek.\" \/>\n<meta name=\"robots\" content=\"index, follow, max-snippet:-1, max-image-preview:large, max-video-preview:-1\" \/>\n<link rel=\"canonical\" href=\"https:\/\/jouwlogopedist-veluwe.nl\/index.php\/2026\/03\/31\/werken-bij-samenspraak-in-de-praktijk\/\" \/>\n<meta property=\"og:locale\" content=\"nl_NL\" \/>\n<meta property=\"og:type\" content=\"article\" \/>\n<meta property=\"og:title\" content=\"Werken bij logopediepraktijk: Groei en Ontwikkeling | Jouw logopedist\" \/>\n<meta property=\"og:description\" content=\"Twijfel je over je werk als logopedist? Lees hoe werken bij Samenspraak zorgt voor meer rust, groei en werkplezier in je werkweek.\" \/>\n<meta property=\"og:url\" content=\"https:\/\/jouwlogopedist-veluwe.nl\/index.php\/2026\/03\/31\/werken-bij-samenspraak-in-de-praktijk\/\" \/>\n<meta property=\"og:site_name\" content=\"Jouw logopedist\" \/>\n<meta property=\"article:publisher\" content=\"https:\/\/www.facebook.com\/LogopedischCentrumSamenspraak\" \/>\n<meta property=\"article:published_time\" content=\"2026-03-31T11:20:02+00:00\" \/>\n<meta property=\"article:modified_time\" content=\"2026-03-31T12:01:34+00:00\" \/>\n<meta property=\"og:image\" content=\"https:\/\/jouwlogopedist-veluwe.nl\/wp-content\/uploads\/2025\/05\/Henrieke-scaled.jpg\" \/>\n\t<meta property=\"og:image:width\" content=\"1707\" \/>\n\t<meta property=\"og:image:height\" content=\"2560\" \/>\n\t<meta property=\"og:image:type\" content=\"image\/jpeg\" \/>\n<meta name=\"author\" content=\"Marjolijn Vos\" \/>\n<meta name=\"twitter:card\" content=\"summary_large_image\" \/>\n<meta name=\"twitter:label1\" content=\"Geschreven door\" \/>\n\t<meta name=\"twitter:data1\" content=\"Marjolijn Vos\" \/>\n\t<meta name=\"twitter:label2\" content=\"Geschatte leestijd\" \/>\n\t<meta name=\"twitter:data2\" content=\"5 minuten\" \/>\n<script type=\"application\/ld+json\" class=\"yoast-schema-graph\">{\"@context\":\"https:\/\/schema.org\",\"@graph\":[{\"@type\":\"Article\",\"@id\":\"https:\/\/jouwlogopedist-veluwe.nl\/index.php\/2026\/03\/31\/werken-bij-samenspraak-in-de-praktijk\/#article\",\"isPartOf\":{\"@id\":\"https:\/\/jouwlogopedist-veluwe.nl\/index.php\/2026\/03\/31\/werken-bij-samenspraak-in-de-praktijk\/\"},\"author\":{\"name\":\"Marjolijn Vos\",\"@id\":\"https:\/\/jouwlogopedist-veluwe.nl\/#\/schema\/person\/5f759a49656bccd79d95951ef5d1a6b5\"},\"headline\":\"Meer vrijheid, minder werkdruk en altijd een team achter je: werken bij Samenspraak in de praktijk\",\"datePublished\":\"2026-03-31T11:20:02+00:00\",\"dateModified\":\"2026-03-31T12:01:34+00:00\",\"mainEntityOfPage\":{\"@id\":\"https:\/\/jouwlogopedist-veluwe.nl\/index.php\/2026\/03\/31\/werken-bij-samenspraak-in-de-praktijk\/\"},\"wordCount\":1435,\"publisher\":{\"@id\":\"https:\/\/jouwlogopedist-veluwe.nl\/#organization\"},\"image\":{\"@id\":\"https:\/\/jouwlogopedist-veluwe.nl\/index.php\/2026\/03\/31\/werken-bij-samenspraak-in-de-praktijk\/#primaryimage\"},\"thumbnailUrl\":\"https:\/\/jouwlogopedist-veluwe.nl\/wp-content\/uploads\/2025\/05\/Henrieke-scaled.jpg\",\"articleSection\":[\"Uncategorized\"],\"inLanguage\":\"nl-NL\"},{\"@type\":\"WebPage\",\"@id\":\"https:\/\/jouwlogopedist-veluwe.nl\/index.php\/2026\/03\/31\/werken-bij-samenspraak-in-de-praktijk\/\",\"url\":\"https:\/\/jouwlogopedist-veluwe.nl\/index.php\/2026\/03\/31\/werken-bij-samenspraak-in-de-praktijk\/\",\"name\":\"Werken bij logopediepraktijk: Groei en Ontwikkeling | Jouw logopedist\",\"isPartOf\":{\"@id\":\"https:\/\/jouwlogopedist-veluwe.nl\/#website\"},\"primaryImageOfPage\":{\"@id\":\"https:\/\/jouwlogopedist-veluwe.nl\/index.php\/2026\/03\/31\/werken-bij-samenspraak-in-de-praktijk\/#primaryimage\"},\"image\":{\"@id\":\"https:\/\/jouwlogopedist-veluwe.nl\/index.php\/2026\/03\/31\/werken-bij-samenspraak-in-de-praktijk\/#primaryimage\"},\"thumbnailUrl\":\"https:\/\/jouwlogopedist-veluwe.nl\/wp-content\/uploads\/2025\/05\/Henrieke-scaled.jpg\",\"datePublished\":\"2026-03-31T11:20:02+00:00\",\"dateModified\":\"2026-03-31T12:01:34+00:00\",\"description\":\"Twijfel je over je werk als logopedist? Lees hoe werken bij Samenspraak zorgt voor meer rust, groei en werkplezier in je werkweek.\",\"breadcrumb\":{\"@id\":\"https:\/\/jouwlogopedist-veluwe.nl\/index.php\/2026\/03\/31\/werken-bij-samenspraak-in-de-praktijk\/#breadcrumb\"},\"inLanguage\":\"nl-NL\",\"potentialAction\":[{\"@type\":\"ReadAction\",\"target\":[\"https:\/\/jouwlogopedist-veluwe.nl\/index.php\/2026\/03\/31\/werken-bij-samenspraak-in-de-praktijk\/\"]}]},{\"@type\":\"ImageObject\",\"inLanguage\":\"nl-NL\",\"@id\":\"https:\/\/jouwlogopedist-veluwe.nl\/index.php\/2026\/03\/31\/werken-bij-samenspraak-in-de-praktijk\/#primaryimage\",\"url\":\"https:\/\/jouwlogopedist-veluwe.nl\/wp-content\/uploads\/2025\/05\/Henrieke-scaled.jpg\",\"contentUrl\":\"https:\/\/jouwlogopedist-veluwe.nl\/wp-content\/uploads\/2025\/05\/Henrieke-scaled.jpg\",\"width\":1707,\"height\":2560},{\"@type\":\"BreadcrumbList\",\"@id\":\"https:\/\/jouwlogopedist-veluwe.nl\/index.php\/2026\/03\/31\/werken-bij-samenspraak-in-de-praktijk\/#breadcrumb\",\"itemListElement\":[{\"@type\":\"ListItem\",\"position\":1,\"name\":\"Home\",\"item\":\"https:\/\/jouwlogopedist-veluwe.nl\/\"},{\"@type\":\"ListItem\",\"position\":2,\"name\":\"Meer vrijheid, minder werkdruk en altijd een team achter je: werken bij Samenspraak in de praktijk\"}]},{\"@type\":\"WebSite\",\"@id\":\"https:\/\/jouwlogopedist-veluwe.nl\/#website\",\"url\":\"https:\/\/jouwlogopedist-veluwe.nl\/\",\"name\":\"Jouw Logopedist\",\"description\":\"Veluwe\",\"publisher\":{\"@id\":\"https:\/\/jouwlogopedist-veluwe.nl\/#organization\"},\"alternateName\":\"Logopedisch Centrum Samenspraak\",\"potentialAction\":[{\"@type\":\"SearchAction\",\"target\":{\"@type\":\"EntryPoint\",\"urlTemplate\":\"https:\/\/jouwlogopedist-veluwe.nl\/?s={search_term_string}\"},\"query-input\":{\"@type\":\"PropertyValueSpecification\",\"valueRequired\":true,\"valueName\":\"search_term_string\"}}],\"inLanguage\":\"nl-NL\"},{\"@type\":\"Organization\",\"@id\":\"https:\/\/jouwlogopedist-veluwe.nl\/#organization\",\"name\":\"Logopedisch Centrum Samenspraak\",\"alternateName\":\"Jouw Logopedist Veluwe\",\"url\":\"https:\/\/jouwlogopedist-veluwe.nl\/\",\"logo\":{\"@type\":\"ImageObject\",\"inLanguage\":\"nl-NL\",\"@id\":\"https:\/\/jouwlogopedist-veluwe.nl\/#\/schema\/logo\/image\/\",\"url\":\"https:\/\/jouwlogopedist-veluwe.nl\/wp-content\/uploads\/2025\/04\/Logo-2.png\",\"contentUrl\":\"https:\/\/jouwlogopedist-veluwe.nl\/wp-content\/uploads\/2025\/04\/Logo-2.png\",\"width\":1231,\"height\":271,\"caption\":\"Logopedisch Centrum Samenspraak\"},\"image\":{\"@id\":\"https:\/\/jouwlogopedist-veluwe.nl\/#\/schema\/logo\/image\/\"},\"sameAs\":[\"https:\/\/www.facebook.com\/LogopedischCentrumSamenspraak\",\"https:\/\/www.instagram.com\/logopedischcentrumsamenspraak\/\"]},{\"@type\":\"Person\",\"@id\":\"https:\/\/jouwlogopedist-veluwe.nl\/#\/schema\/person\/5f759a49656bccd79d95951ef5d1a6b5\",\"name\":\"Marjolijn Vos\",\"sameAs\":[\"https:\/\/jouwlogopedist-veluwe.nl\"],\"url\":\"https:\/\/jouwlogopedist-veluwe.nl\/index.php\/author\/marjolijn\/\"}]}<\/script>\n<!-- \/ Yoast SEO plugin. -->","yoast_head_json":{"title":"Werken bij logopediepraktijk: Groei en Ontwikkeling | Jouw logopedist","description":"Twijfel je over je werk als logopedist? Lees hoe werken bij Samenspraak zorgt voor meer rust, groei en werkplezier in je werkweek.","robots":{"index":"index","follow":"follow","max-snippet":"max-snippet:-1","max-image-preview":"max-image-preview:large","max-video-preview":"max-video-preview:-1"},"canonical":"https:\/\/jouwlogopedist-veluwe.nl\/index.php\/2026\/03\/31\/werken-bij-samenspraak-in-de-praktijk\/","og_locale":"nl_NL","og_type":"article","og_title":"Werken bij logopediepraktijk: Groei en Ontwikkeling | Jouw logopedist","og_description":"Twijfel je over je werk als logopedist? Lees hoe werken bij Samenspraak zorgt voor meer rust, groei en werkplezier in je werkweek.","og_url":"https:\/\/jouwlogopedist-veluwe.nl\/index.php\/2026\/03\/31\/werken-bij-samenspraak-in-de-praktijk\/","og_site_name":"Jouw logopedist","article_publisher":"https:\/\/www.facebook.com\/LogopedischCentrumSamenspraak","article_published_time":"2026-03-31T11:20:02+00:00","article_modified_time":"2026-03-31T12:01:34+00:00","og_image":[{"width":1707,"height":2560,"url":"https:\/\/jouwlogopedist-veluwe.nl\/wp-content\/uploads\/2025\/05\/Henrieke-scaled.jpg","type":"image\/jpeg"}],"author":"Marjolijn Vos","twitter_card":"summary_large_image","twitter_misc":{"Geschreven door":"Marjolijn Vos","Geschatte leestijd":"5 minuten"},"schema":{"@context":"https:\/\/schema.org","@graph":[{"@type":"Article","@id":"https:\/\/jouwlogopedist-veluwe.nl\/index.php\/2026\/03\/31\/werken-bij-samenspraak-in-de-praktijk\/#article","isPartOf":{"@id":"https:\/\/jouwlogopedist-veluwe.nl\/index.php\/2026\/03\/31\/werken-bij-samenspraak-in-de-praktijk\/"},"author":{"name":"Marjolijn Vos","@id":"https:\/\/jouwlogopedist-veluwe.nl\/#\/schema\/person\/5f759a49656bccd79d95951ef5d1a6b5"},"headline":"Meer vrijheid, minder werkdruk en altijd een team achter je: werken bij Samenspraak in de praktijk","datePublished":"2026-03-31T11:20:02+00:00","dateModified":"2026-03-31T12:01:34+00:00","mainEntityOfPage":{"@id":"https:\/\/jouwlogopedist-veluwe.nl\/index.php\/2026\/03\/31\/werken-bij-samenspraak-in-de-praktijk\/"},"wordCount":1435,"publisher":{"@id":"https:\/\/jouwlogopedist-veluwe.nl\/#organization"},"image":{"@id":"https:\/\/jouwlogopedist-veluwe.nl\/index.php\/2026\/03\/31\/werken-bij-samenspraak-in-de-praktijk\/#primaryimage"},"thumbnailUrl":"https:\/\/jouwlogopedist-veluwe.nl\/wp-content\/uploads\/2025\/05\/Henrieke-scaled.jpg","articleSection":["Uncategorized"],"inLanguage":"nl-NL"},{"@type":"WebPage","@id":"https:\/\/jouwlogopedist-veluwe.nl\/index.php\/2026\/03\/31\/werken-bij-samenspraak-in-de-praktijk\/","url":"https:\/\/jouwlogopedist-veluwe.nl\/index.php\/2026\/03\/31\/werken-bij-samenspraak-in-de-praktijk\/","name":"Werken bij logopediepraktijk: Groei en Ontwikkeling | Jouw logopedist","isPartOf":{"@id":"https:\/\/jouwlogopedist-veluwe.nl\/#website"},"primaryImageOfPage":{"@id":"https:\/\/jouwlogopedist-veluwe.nl\/index.php\/2026\/03\/31\/werken-bij-samenspraak-in-de-praktijk\/#primaryimage"},"image":{"@id":"https:\/\/jouwlogopedist-veluwe.nl\/index.php\/2026\/03\/31\/werken-bij-samenspraak-in-de-praktijk\/#primaryimage"},"thumbnailUrl":"https:\/\/jouwlogopedist-veluwe.nl\/wp-content\/uploads\/2025\/05\/Henrieke-scaled.jpg","datePublished":"2026-03-31T11:20:02+00:00","dateModified":"2026-03-31T12:01:34+00:00","description":"Twijfel je over je werk als logopedist? Lees hoe werken bij Samenspraak zorgt voor meer rust, groei en werkplezier in je werkweek.","breadcrumb":{"@id":"https:\/\/jouwlogopedist-veluwe.nl\/index.php\/2026\/03\/31\/werken-bij-samenspraak-in-de-praktijk\/#breadcrumb"},"inLanguage":"nl-NL","potentialAction":[{"@type":"ReadAction","target":["https:\/\/jouwlogopedist-veluwe.nl\/index.php\/2026\/03\/31\/werken-bij-samenspraak-in-de-praktijk\/"]}]},{"@type":"ImageObject","inLanguage":"nl-NL","@id":"https:\/\/jouwlogopedist-veluwe.nl\/index.php\/2026\/03\/31\/werken-bij-samenspraak-in-de-praktijk\/#primaryimage","url":"https:\/\/jouwlogopedist-veluwe.nl\/wp-content\/uploads\/2025\/05\/Henrieke-scaled.jpg","contentUrl":"https:\/\/jouwlogopedist-veluwe.nl\/wp-content\/uploads\/2025\/05\/Henrieke-scaled.jpg","width":1707,"height":2560},{"@type":"BreadcrumbList","@id":"https:\/\/jouwlogopedist-veluwe.nl\/index.php\/2026\/03\/31\/werken-bij-samenspraak-in-de-praktijk\/#breadcrumb","itemListElement":[{"@type":"ListItem","position":1,"name":"Home","item":"https:\/\/jouwlogopedist-veluwe.nl\/"},{"@type":"ListItem","position":2,"name":"Meer vrijheid, minder werkdruk en altijd een team achter je: werken bij Samenspraak in de praktijk"}]},{"@type":"WebSite","@id":"https:\/\/jouwlogopedist-veluwe.nl\/#website","url":"https:\/\/jouwlogopedist-veluwe.nl\/","name":"Jouw Logopedist","description":"Veluwe","publisher":{"@id":"https:\/\/jouwlogopedist-veluwe.nl\/#organization"},"alternateName":"Logopedisch Centrum Samenspraak","potentialAction":[{"@type":"SearchAction","target":{"@type":"EntryPoint","urlTemplate":"https:\/\/jouwlogopedist-veluwe.nl\/?s={search_term_string}"},"query-input":{"@type":"PropertyValueSpecification","valueRequired":true,"valueName":"search_term_string"}}],"inLanguage":"nl-NL"},{"@type":"Organization","@id":"https:\/\/jouwlogopedist-veluwe.nl\/#organization","name":"Logopedisch Centrum Samenspraak","alternateName":"Jouw Logopedist Veluwe","url":"https:\/\/jouwlogopedist-veluwe.nl\/","logo":{"@type":"ImageObject","inLanguage":"nl-NL","@id":"https:\/\/jouwlogopedist-veluwe.nl\/#\/schema\/logo\/image\/","url":"https:\/\/jouwlogopedist-veluwe.nl\/wp-content\/uploads\/2025\/04\/Logo-2.png","contentUrl":"https:\/\/jouwlogopedist-veluwe.nl\/wp-content\/uploads\/2025\/04\/Logo-2.png","width":1231,"height":271,"caption":"Logopedisch Centrum Samenspraak"},"image":{"@id":"https:\/\/jouwlogopedist-veluwe.nl\/#\/schema\/logo\/image\/"},"sameAs":["https:\/\/www.facebook.com\/LogopedischCentrumSamenspraak","https:\/\/www.instagram.com\/logopedischcentrumsamenspraak\/"]},{"@type":"Person","@id":"https:\/\/jouwlogopedist-veluwe.nl\/#\/schema\/person\/5f759a49656bccd79d95951ef5d1a6b5","name":"Marjolijn Vos","sameAs":["https:\/\/jouwlogopedist-veluwe.nl"],"url":"https:\/\/jouwlogopedist-veluwe.nl\/index.php\/author\/marjolijn\/"}]}},"_links":{"self":[{"href":"https:\/\/jouwlogopedist-veluwe.nl\/index.php\/wp-json\/wp\/v2\/posts\/1172","targetHints":{"allow":["GET"]}}],"collection":[{"href":"https:\/\/jouwlogopedist-veluwe.nl\/index.php\/wp-json\/wp\/v2\/posts"}],"about":[{"href":"https:\/\/jouwlogopedist-veluwe.nl\/index.php\/wp-json\/wp\/v2\/types\/post"}],"author":[{"embeddable":true,"href":"https:\/\/jouwlogopedist-veluwe.nl\/index.php\/wp-json\/wp\/v2\/users\/2"}],"replies":[{"embeddable":true,"href":"https:\/\/jouwlogopedist-veluwe.nl\/index.php\/wp-json\/wp\/v2\/comments?post=1172"}],"version-history":[{"count":4,"href":"https:\/\/jouwlogopedist-veluwe.nl\/index.php\/wp-json\/wp\/v2\/posts\/1172\/revisions"}],"predecessor-version":[{"id":1176,"href":"https:\/\/jouwlogopedist-veluwe.nl\/index.php\/wp-json\/wp\/v2\/posts\/1172\/revisions\/1176"}],"wp:featuredmedia":[{"embeddable":true,"href":"https:\/\/jouwlogopedist-veluwe.nl\/index.php\/wp-json\/wp\/v2\/media\/700"}],"wp:attachment":[{"href":"https:\/\/jouwlogopedist-veluwe.nl\/index.php\/wp-json\/wp\/v2\/media?parent=1172"}],"wp:term":[{"taxonomy":"category","embeddable":true,"href":"https:\/\/jouwlogopedist-veluwe.nl\/index.php\/wp-json\/wp\/v2\/categories?post=1172"},{"taxonomy":"post_tag","embeddable":true,"href":"https:\/\/jouwlogopedist-veluwe.nl\/index.php\/wp-json\/wp\/v2\/tags?post=1172"}],"curies":[{"name":"wp","href":"https:\/\/api.w.org\/{rel}","templated":true}]}}